{"id":259,"date":"2015-12-07T16:20:35","date_gmt":"2015-12-07T15:20:35","guid":{"rendered":"http:\/\/www.tmatrasportoalimenti.com\/de\/?p=259"},"modified":"2024-07-05T12:41:30","modified_gmt":"2024-07-05T10:41:30","slug":"trasporto-frutta-e-verdura","status":"publish","type":"post","link":"https:\/\/www.tmatrasportoalimenti.com\/de\/trasporto-frutta-e-verdura","title":{"rendered":"Transport von Obst und Gem\u00fcse"},"content":{"rendered":"<div class=\"fusion-fullwidth fullwidth-box fusion-builder-row-1 fusion-flex-container nonhundred-percent-fullwidth non-hundred-percent-height-scrolling\" style=\"--awb-border-radius-top-left:0px;--awb-border-radius-top-right:0px;--awb-border-radius-bottom-right:0px;--awb-border-radius-bottom-left:0px;--awb-flex-wrap:wrap;\" ><div class=\"fusion-builder-row fusion-row fusion-flex-align-items-flex-start fusion-flex-content-wrap\" style=\"max-width:1352px;margin-left: calc(-4% \/ 2 );margin-right: calc(-4% \/ 2 );\"><div class=\"fusion-layout-column fusion_builder_column fusion-builder-column-0 fusion_builder_column_1_1 1_1 fusion-flex-column\" style=\"--awb-bg-size:cover;--awb-width-large:100%;--awb-margin-top-large:0px;--awb-spacing-right-large:1.92%;--awb-margin-bottom-large:0px;--awb-spacing-left-large:1.92%;--awb-width-medium:100%;--awb-spacing-right-medium:1.92%;--awb-spacing-left-medium:1.92%;--awb-width-small:100%;--awb-spacing-right-small:1.92%;--awb-spacing-left-small:1.92%;\"><div class=\"fusion-column-wrapper fusion-flex-justify-content-flex-start fusion-content-layout-column\"><div class=\"fusion-image-element \" style=\"text-align:center;--awb-caption-title-font-family:var(--h2_typography-font-family);--awb-caption-title-font-weight:var(--h2_typography-font-weight);--awb-caption-title-font-style:var(--h2_typography-font-style);--awb-caption-title-size:var(--h2_typography-font-size);--awb-caption-title-transform:var(--h2_typography-text-transform);--awb-caption-title-line-height:var(--h2_typography-line-height);--awb-caption-title-letter-spacing:var(--h2_typography-letter-spacing);\"><span class=\" fusion-imageframe imageframe-none imageframe-1 hover-type-none\"><img decoding=\"async\" width=\"867\" height=\"224\" title=\"img-trasporto-frutta-verdura-bolzano-trento-verona-padova-austria-germania\" src=\"https:\/\/www.tmatrasportoalimenti.com\/wp-content\/uploads\/img-trasporto-frutta-verdura-bolzano-trento-verona-padova-austria-germania1.jpg\" alt class=\"img-responsive wp-image-414\" srcset=\"https:\/\/www.tmatrasportoalimenti.com\/wp-content\/uploads\/img-trasporto-frutta-verdura-bolzano-trento-verona-padova-austria-germania1-300x78.jpg 300w, https:\/\/www.tmatrasportoalimenti.com\/wp-content\/uploads\/img-trasporto-frutta-verdura-bolzano-trento-verona-padova-austria-germania1.jpg 867w\" sizes=\"(max-width: 867px) 100vw, 867px\" \/><\/span><\/div><div class=\"fusion-text fusion-text-1\"><h1>Obst- und Gem\u00fcsetransport in Trentino S\u00fcdtirol, Venetien, Lombardei, Toskana und Latium?<\/h1>\n<h2>Wir haben alles im Griff, jede Einzelheit!<\/h2>\n<p>Der Obstimporteur wendet sich an TMA Trasporto Alimenti aus Bozen, um sich zu verbessern und um uns seine zu transportierenden Produkte anzuvertrauen.<br \/>\nDer Kunde haltet hohe Qualit\u00e4tsstandards ein und TMA Trasporto Alimenti, in Trentino S\u00fcdtirol, Venetien, Lombardei, Toskana und Latium t\u00e4tig, garantiert den Herstellern die M\u00f6glichkeit die eigenen Produkte bei kontrollierter Temperatur und nach den vereinbarten Zeiten und Handelsabkommen ausgeh\u00e4ndigt zu bekommen.<\/p>\n<\/div><\/div><\/div><\/div><\/div>\n","protected":false},"excerpt":{"rendered":"","protected":false},"author":1,"featured_media":414,"comment_status":"open","ping_status":"closed","sticky":false,"template":"","format":"standard","meta":{"footnotes":""},"categories":[5],"tags":[],"class_list":["post-259","post","type-post","status-publish","format-standard","has-post-thumbnail","hentry","category-transporte"],"yoast_head":"<!-- This site is optimized with the Yoast SEO plugin v24.4 - https:\/\/yoast.com\/wordpress\/plugins\/seo\/ -->\n<title>Transport von Obst und Gem\u00fcse - Bolzano Merano Bressanone Trento Verona<\/title>\n<meta name=\"robots\" content=\"index, follow, max-snippet:-1, max-image-preview:large, max-video-preview:-1\" \/>\n<link rel=\"canonical\" href=\"https:\/\/www.tmatrasportoalimenti.com\/de\/trasporto-frutta-e-verdura\" \/>\n<meta property=\"og:locale\" content=\"de_DE\" \/>\n<meta property=\"og:type\" content=\"article\" \/>\n<meta property=\"og:title\" content=\"Transport von Obst und Gem\u00fcse - Bolzano Merano Bressanone Trento Verona\" \/>\n<meta property=\"og:url\" content=\"https:\/\/www.tmatrasportoalimenti.com\/de\/trasporto-frutta-e-verdura\" \/>\n<meta property=\"og:site_name\" content=\"Bolzano Merano Bressanone Trento Verona\" \/>\n<meta property=\"article:published_time\" content=\"2015-12-07T15:20:35+00:00\" \/>\n<meta property=\"article:modified_time\" content=\"2024-07-05T10:41:30+00:00\" \/>\n<meta property=\"og:image\" content=\"https:\/\/www.tmatrasportoalimenti.com\/wp-content\/uploads\/img-trasporto-frutta-verdura-bolzano-trento-verona-padova-austria-germania1.jpg\" \/>\n\t<meta property=\"og:image:width\" content=\"867\" \/>\n\t<meta property=\"og:image:height\" content=\"224\" \/>\n\t<meta property=\"og:image:type\" content=\"image\/jpeg\" \/>\n<meta name=\"author\" content=\"ADVstudio.it\" \/>\n<meta name=\"twitter:label1\" content=\"Verfasst von\" \/>\n\t<meta name=\"twitter:data1\" content=\"ADVstudio.it\" \/>\n\t<meta name=\"twitter:label2\" content=\"Gesch\u00e4tzte Lesezeit\" \/>\n\t<meta name=\"twitter:data2\" content=\"1\u00a0Minute\" \/>\n<script type=\"application\/ld+json\" class=\"yoast-schema-graph\">{\"@context\":\"https:\/\/schema.org\",\"@graph\":[{\"@type\":\"WebPage\",\"@id\":\"https:\/\/www.tmatrasportoalimenti.com\/de\/trasporto-frutta-e-verdura\",\"url\":\"https:\/\/www.tmatrasportoalimenti.com\/de\/trasporto-frutta-e-verdura\",\"name\":\"Transport von Obst und Gem\u00fcse - Bolzano Merano Bressanone Trento Verona\",\"isPartOf\":{\"@id\":\"https:\/\/www.tmatrasportoalimenti.com\/de#website\"},\"primaryImageOfPage\":{\"@id\":\"https:\/\/www.tmatrasportoalimenti.com\/de\/trasporto-frutta-e-verdura#primaryimage\"},\"image\":{\"@id\":\"https:\/\/www.tmatrasportoalimenti.com\/de\/trasporto-frutta-e-verdura#primaryimage\"},\"thumbnailUrl\":\"https:\/\/www.tmatrasportoalimenti.com\/wp-content\/uploads\/img-trasporto-frutta-verdura-bolzano-trento-verona-padova-austria-germania1.jpg\",\"datePublished\":\"2015-12-07T15:20:35+00:00\",\"dateModified\":\"2024-07-05T10:41:30+00:00\",\"author\":{\"@id\":\"https:\/\/www.tmatrasportoalimenti.com\/de#\/schema\/person\/92eea2a7d91f03076aa9b2addd9e84cc\"},\"breadcrumb\":{\"@id\":\"https:\/\/www.tmatrasportoalimenti.com\/de\/trasporto-frutta-e-verdura#breadcrumb\"},\"inLanguage\":\"de\",\"potentialAction\":[{\"@type\":\"ReadAction\",\"target\":[\"https:\/\/www.tmatrasportoalimenti.com\/de\/trasporto-frutta-e-verdura\"]}]},{\"@type\":\"ImageObject\",\"inLanguage\":\"de\",\"@id\":\"https:\/\/www.tmatrasportoalimenti.com\/de\/trasporto-frutta-e-verdura#primaryimage\",\"url\":\"https:\/\/www.tmatrasportoalimenti.com\/wp-content\/uploads\/img-trasporto-frutta-verdura-bolzano-trento-verona-padova-austria-germania1.jpg\",\"contentUrl\":\"https:\/\/www.tmatrasportoalimenti.com\/wp-content\/uploads\/img-trasporto-frutta-verdura-bolzano-trento-verona-padova-austria-germania1.jpg\",\"width\":867,\"height\":224},{\"@type\":\"BreadcrumbList\",\"@id\":\"https:\/\/www.tmatrasportoalimenti.com\/de\/trasporto-frutta-e-verdura#breadcrumb\",\"itemListElement\":[{\"@type\":\"ListItem\",\"position\":1,\"name\":\"Home\",\"item\":\"https:\/\/www.tmatrasportoalimenti.com\/de\"},{\"@type\":\"ListItem\",\"position\":2,\"name\":\"Transport von Obst und Gem\u00fcse\"}]},{\"@type\":\"WebSite\",\"@id\":\"https:\/\/www.tmatrasportoalimenti.com\/de#website\",\"url\":\"https:\/\/www.tmatrasportoalimenti.com\/de\",\"name\":\"Bolzano Merano Bressanone Trento Verona\",\"description\":\"\",\"potentialAction\":[{\"@type\":\"SearchAction\",\"target\":{\"@type\":\"EntryPoint\",\"urlTemplate\":\"https:\/\/www.tmatrasportoalimenti.com\/de?s={search_term_string}\"},\"query-input\":{\"@type\":\"PropertyValueSpecification\",\"valueRequired\":true,\"valueName\":\"search_term_string\"}}],\"inLanguage\":\"de\"},{\"@type\":\"Person\",\"@id\":\"https:\/\/www.tmatrasportoalimenti.com\/de#\/schema\/person\/92eea2a7d91f03076aa9b2addd9e84cc\",\"name\":\"ADVstudio.it\",\"image\":{\"@type\":\"ImageObject\",\"inLanguage\":\"de\",\"@id\":\"https:\/\/www.tmatrasportoalimenti.com\/de#\/schema\/person\/image\/\",\"url\":\"https:\/\/secure.gravatar.com\/avatar\/9d4014168c2d12bd50c8aebad3169253?s=96&d=mm&r=g\",\"contentUrl\":\"https:\/\/secure.gravatar.com\/avatar\/9d4014168c2d12bd50c8aebad3169253?s=96&d=mm&r=g\",\"caption\":\"ADVstudio.it\"}}]}<\/script>\n<!-- \/ Yoast SEO plugin. -->","yoast_head_json":{"title":"Transport von Obst und Gem\u00fcse - Bolzano Merano Bressanone Trento Verona","robots":{"index":"index","follow":"follow","max-snippet":"max-snippet:-1","max-image-preview":"max-image-preview:large","max-video-preview":"max-video-preview:-1"},"canonical":"https:\/\/www.tmatrasportoalimenti.com\/de\/trasporto-frutta-e-verdura","og_locale":"de_DE","og_type":"article","og_title":"Transport von Obst und Gem\u00fcse - Bolzano Merano Bressanone Trento Verona","og_url":"https:\/\/www.tmatrasportoalimenti.com\/de\/trasporto-frutta-e-verdura","og_site_name":"Bolzano Merano Bressanone Trento Verona","article_published_time":"2015-12-07T15:20:35+00:00","article_modified_time":"2024-07-05T10:41:30+00:00","og_image":[{"width":867,"height":224,"url":"https:\/\/www.tmatrasportoalimenti.com\/wp-content\/uploads\/img-trasporto-frutta-verdura-bolzano-trento-verona-padova-austria-germania1.jpg","type":"image\/jpeg"}],"author":"ADVstudio.it","twitter_misc":{"Verfasst von":"ADVstudio.it","Gesch\u00e4tzte Lesezeit":"1\u00a0Minute"},"schema":{"@context":"https:\/\/schema.org","@graph":[{"@type":"WebPage","@id":"https:\/\/www.tmatrasportoalimenti.com\/de\/trasporto-frutta-e-verdura","url":"https:\/\/www.tmatrasportoalimenti.com\/de\/trasporto-frutta-e-verdura","name":"Transport von Obst und Gem\u00fcse - Bolzano Merano Bressanone Trento Verona","isPartOf":{"@id":"https:\/\/www.tmatrasportoalimenti.com\/de#website"},"primaryImageOfPage":{"@id":"https:\/\/www.tmatrasportoalimenti.com\/de\/trasporto-frutta-e-verdura#primaryimage"},"image":{"@id":"https:\/\/www.tmatrasportoalimenti.com\/de\/trasporto-frutta-e-verdura#primaryimage"},"thumbnailUrl":"https:\/\/www.tmatrasportoalimenti.com\/wp-content\/uploads\/img-trasporto-frutta-verdura-bolzano-trento-verona-padova-austria-germania1.jpg","datePublished":"2015-12-07T15:20:35+00:00","dateModified":"2024-07-05T10:41:30+00:00","author":{"@id":"https:\/\/www.tmatrasportoalimenti.com\/de#\/schema\/person\/92eea2a7d91f03076aa9b2addd9e84cc"},"breadcrumb":{"@id":"https:\/\/www.tmatrasportoalimenti.com\/de\/trasporto-frutta-e-verdura#breadcrumb"},"inLanguage":"de","potentialAction":[{"@type":"ReadAction","target":["https:\/\/www.tmatrasportoalimenti.com\/de\/trasporto-frutta-e-verdura"]}]},{"@type":"ImageObject","inLanguage":"de","@id":"https:\/\/www.tmatrasportoalimenti.com\/de\/trasporto-frutta-e-verdura#primaryimage","url":"https:\/\/www.tmatrasportoalimenti.com\/wp-content\/uploads\/img-trasporto-frutta-verdura-bolzano-trento-verona-padova-austria-germania1.jpg","contentUrl":"https:\/\/www.tmatrasportoalimenti.com\/wp-content\/uploads\/img-trasporto-frutta-verdura-bolzano-trento-verona-padova-austria-germania1.jpg","width":867,"height":224},{"@type":"BreadcrumbList","@id":"https:\/\/www.tmatrasportoalimenti.com\/de\/trasporto-frutta-e-verdura#breadcrumb","itemListElement":[{"@type":"ListItem","position":1,"name":"Home","item":"https:\/\/www.tmatrasportoalimenti.com\/de"},{"@type":"ListItem","position":2,"name":"Transport von Obst und Gem\u00fcse"}]},{"@type":"WebSite","@id":"https:\/\/www.tmatrasportoalimenti.com\/de#website","url":"https:\/\/www.tmatrasportoalimenti.com\/de","name":"Bolzano Merano Bressanone Trento Verona","description":"","potentialAction":[{"@type":"SearchAction","target":{"@type":"EntryPoint","urlTemplate":"https:\/\/www.tmatrasportoalimenti.com\/de?s={search_term_string}"},"query-input":{"@type":"PropertyValueSpecification","valueRequired":true,"valueName":"search_term_string"}}],"inLanguage":"de"},{"@type":"Person","@id":"https:\/\/www.tmatrasportoalimenti.com\/de#\/schema\/person\/92eea2a7d91f03076aa9b2addd9e84cc","name":"ADVstudio.it","image":{"@type":"ImageObject","inLanguage":"de","@id":"https:\/\/www.tmatrasportoalimenti.com\/de#\/schema\/person\/image\/","url":"https:\/\/secure.gravatar.com\/avatar\/9d4014168c2d12bd50c8aebad3169253?s=96&d=mm&r=g","contentUrl":"https:\/\/secure.gravatar.com\/avatar\/9d4014168c2d12bd50c8aebad3169253?s=96&d=mm&r=g","caption":"ADVstudio.it"}}]}},"_links":{"self":[{"href":"https:\/\/www.tmatrasportoalimenti.com\/de\/wp-json\/wp\/v2\/posts\/259","targetHints":{"allow":["GET"]}}],"collection":[{"href":"https:\/\/www.tmatrasportoalimenti.com\/de\/wp-json\/wp\/v2\/posts"}],"about":[{"href":"https:\/\/www.tmatrasportoalimenti.com\/de\/wp-json\/wp\/v2\/types\/post"}],"author":[{"embeddable":true,"href":"https:\/\/www.tmatrasportoalimenti.com\/de\/wp-json\/wp\/v2\/users\/1"}],"replies":[{"embeddable":true,"href":"https:\/\/www.tmatrasportoalimenti.com\/de\/wp-json\/wp\/v2\/comments?post=259"}],"version-history":[{"count":5,"href":"https:\/\/www.tmatrasportoalimenti.com\/de\/wp-json\/wp\/v2\/posts\/259\/revisions"}],"predecessor-version":[{"id":424,"href":"https:\/\/www.tmatrasportoalimenti.com\/de\/wp-json\/wp\/v2\/posts\/259\/revisions\/424"}],"wp:featuredmedia":[{"embeddable":true,"href":"https:\/\/www.tmatrasportoalimenti.com\/de\/wp-json\/wp\/v2\/media\/414"}],"wp:attachment":[{"href":"https:\/\/www.tmatrasportoalimenti.com\/de\/wp-json\/wp\/v2\/media?parent=259"}],"wp:term":[{"taxonomy":"category","embeddable":true,"href":"https:\/\/www.tmatrasportoalimenti.com\/de\/wp-json\/wp\/v2\/categories?post=259"},{"taxonomy":"post_tag","embeddable":true,"href":"https:\/\/www.tmatrasportoalimenti.com\/de\/wp-json\/wp\/v2\/tags?post=259"}],"curies":[{"name":"wp","href":"https:\/\/api.w.org\/{rel}","templated":true}]}}